{"id":38952,"date":"2025-06-24T20:22:22","date_gmt":"2025-06-24T18:22:22","guid":{"rendered":"https:\/\/ada-cosmetics.update.betacenter.net\/ada-cosmetics-reconnu-comme-employeur-exceptionnel-en-allemagne-et-au-royaume-uni\/"},"modified":"2025-07-18T09:32:24","modified_gmt":"2025-07-18T07:32:24","slug":"ada-cosmetics-employeur-exceptionnel","status":"publish","type":"post","link":"https:\/\/ada-cosmetics.update.betacenter.net\/fr\/ada-cosmetics-employeur-exceptionnel\/","title":{"rendered":"ADA Cosmetics Reconnu comme employeur exceptionnel en Allemagne et au Royaume-Uni"},"content":{"rendered":"<p>En 2025, ADA Cosmetics d\u00e9montre une fois de plus sa philosophie \u00ab\u00a0people-first\u00a0\u00bb en \u00e9tant reconnu comme l&rsquo;un des employeurs les plus attractifs du secteur de l&rsquo;h\u00f4tellerie. L&rsquo;entreprise est fi\u00e8re d&rsquo;avoir re\u00e7u deux distinctions majeures : le prix \u00ab\u00a0Excellent Employer 2025\u00a0\u00bb en Allemagne et le prix \u00ab\u00a0Gold Winner of the Employer of the Year Award\u00a0\u00bb au Royaume-Uni.<br \/>\nCes deux reconnaissances confirment ADA Cosmetics L&rsquo;engagement de la Commission europ\u00e9enne \u00e0 cultiver une culture d&rsquo;entreprise respectueuse, motivante et tourn\u00e9e vers l&rsquo;avenir, au-del\u00e0 des fronti\u00e8res.<\/p>\n<p><strong>\u00c0 propos des prix<\/strong><\/p>\n<p><strong>Excellent employeur 2025 &#8211; Allemagne<\/strong><\/p>\n<p>Ce prix est d\u00e9cern\u00e9 sur la base d&rsquo;une \u00e9tude annuelle anonyme scientifiquement fond\u00e9e, lanc\u00e9e en 2021 et men\u00e9e dans le secteur de l&rsquo;h\u00f4tellerie et de la restauration germanophones. L&rsquo;\u00e9tude explore ce que les employ\u00e9s appr\u00e9cient le plus chez les dirigeants et ce qui rend un employeur vraiment attrayant.<\/p>\n<p>L&rsquo;enqu\u00eate est r\u00e9alis\u00e9e de mani\u00e8re ind\u00e9pendante par la Berlin School of Economics and Law, sous la direction du professeur Dr. Sandra Rochnowski, experte reconnue en mati\u00e8re d&rsquo;attractivit\u00e9 des employeurs. Les r\u00e9sultats sont d\u00e9voil\u00e9s chaque ann\u00e9e lors du prestigieux Deutscher Hotelkongress (Congr\u00e8s allemand de l&rsquo;h\u00f4tellerie), organis\u00e9 par la revue reconnue dans le domaine de l&rsquo;h\u00f4tellerie Allgemeine Hotel- und Gastronomie-Zeitung (AHGZ), et sont rendus publics.<\/p>\n<p>Dans l&rsquo;\u00e9dition 2025, ADA Cosmetics a \u00e9t\u00e9 r\u00e9compens\u00e9 en tant que \u00ab\u00a0Partenaire industriel\u00a0\u00bb, consolidant ainsi sa position d&#8217;employeur de confiance et appr\u00e9ci\u00e9 dans la cha\u00eene d&rsquo;approvisionnement du secteur de l&rsquo;h\u00f4tellerie et de la restauration.<\/p>\n<p><img loading=\"lazy\" decoding=\"async\" class=\"alignnone size-medium wp-image-38957\" src=\"https:\/\/ada-cosmetics.update.betacenter.net\/wp-content\/uploads\/2025\/06\/ADA-Cosmetics-Ausgezeichneter-Arbeitgeber-2025-300x251.jpg\" alt=\"\" width=\"300\" height=\"251\" srcset=\"https:\/\/ada-cosmetics.update.betacenter.net\/wp-content\/uploads\/2025\/06\/ADA-Cosmetics-Ausgezeichneter-Arbeitgeber-2025-300x251.jpg 300w, https:\/\/ada-cosmetics.update.betacenter.net\/wp-content\/uploads\/2025\/06\/ADA-Cosmetics-Ausgezeichneter-Arbeitgeber-2025-768x643.jpg 768w, https:\/\/ada-cosmetics.update.betacenter.net\/wp-content\/uploads\/2025\/06\/ADA-Cosmetics-Ausgezeichneter-Arbeitgeber-2025.jpg 866w\" sizes=\"auto, (max-width: 300px) 100vw, 300px\" \/><\/p>\n<p>&nbsp;<\/p>\n<p><strong>Employeur de l&rsquo;ann\u00e9e &#8211; Royaume-Uni<\/strong><\/p>\n<p>Les prix SME Bedfordshire Business Awards de la chambre de commerce du Bedfordshire sont d\u00e9cern\u00e9s par un jury ind\u00e9pendant, qui \u00e9value chacun des candidats en fonction de diff\u00e9rents crit\u00e8res.<\/p>\n<p>En juin, tous les finalistes de la r\u00e9gion se r\u00e9unissent pour f\u00eater l&rsquo;\u00e9v\u00e9nement et les laur\u00e9ats de chaque cat\u00e9gorie sont couronn\u00e9s. En 2025, ADA Cosmetics a \u00e9t\u00e9 fi\u00e8re d&rsquo;\u00eatre nomm\u00e9e laur\u00e9ate de la cat\u00e9gorie \u00ab\u00a0Employeur de l&rsquo;ann\u00e9e\u00a0\u00bb.<\/p>\n<p>ADA Cosmetics a re\u00e7u le prix Gold Winner pour ses pratiques RH avant-gardistes, sa communication transparente et sa culture d&rsquo;entreprise inclusive qui encourage la croissance et la collaboration.<\/p>\n<p><strong><img loading=\"lazy\" decoding=\"async\" class=\"alignnone size-medium wp-image-38935\" src=\"https:\/\/ada-cosmetics.update.betacenter.net\/wp-content\/uploads\/2025\/07\/Beds-2025-Gold-Winner-210x300.jpg\" alt=\"\" width=\"210\" height=\"300\" srcset=\"https:\/\/ada-cosmetics.update.betacenter.net\/wp-content\/uploads\/2025\/07\/Beds-2025-Gold-Winner-210x300.jpg 210w, https:\/\/ada-cosmetics.update.betacenter.net\/wp-content\/uploads\/2025\/07\/Beds-2025-Gold-Winner-719x1024.jpg 719w, https:\/\/ada-cosmetics.update.betacenter.net\/wp-content\/uploads\/2025\/07\/Beds-2025-Gold-Winner-768x1095.jpg 768w, https:\/\/ada-cosmetics.update.betacenter.net\/wp-content\/uploads\/2025\/07\/Beds-2025-Gold-Winner-1078x1536.jpg 1078w, https:\/\/ada-cosmetics.update.betacenter.net\/wp-content\/uploads\/2025\/07\/Beds-2025-Gold-Winner.jpg 1437w\" sizes=\"auto, (max-width: 210px) 100vw, 210px\" \/><\/strong><\/p>\n<p>&nbsp;<\/p>\n<p><strong>Une reconnaissance constante<\/strong><\/p>\n<p>Ces derni\u00e8res r\u00e9compenses s&rsquo;inscrivent dans une longue lign\u00e9e de distinctions. En 2023, ADA Cosmetics a \u00e9t\u00e9 reconnu comme \u00ab\u00a0Top employer in the hospitality industry\u00a0\u00bb dans le segment des fournisseurs, \u00e0 la suite d&rsquo;une \u00e9valuation ind\u00e9pendante de l&rsquo;\u00c9cole d&rsquo;\u00e9conomie et de droit de Berlin. En 2024, l&rsquo;entreprise a re\u00e7u une m\u00e9daille d&rsquo;or EcoVadis pour ses pratiques en mati\u00e8re de d\u00e9veloppement durable, ce qui place ADA parmi les 5 % les plus performants de toutes les entreprises \u00e9valu\u00e9es au niveau mondial.<\/p>\n<p data-start=\"846\" data-end=\"935\"><strong data-start=\"846\" data-end=\"935\">Lutz H\u00fcbner, PDG, sur la construction d\u2019une culture d\u2019entreprise centr\u00e9e sur l\u2019humain<\/strong><\/p>\n<p data-start=\"937\" data-end=\"1392\">\u00ab Chez ADA Cosmetics, nos collaborateurs sont au c\u0153ur de toutes nos actions \u00bb, d\u00e9clare Lutz H\u00fcbner, PDG d\u2019ADA Cosmetics. \u00ab Ces r\u00e9compenses t\u00e9moignent de notre engagement constant \u00e0 cr\u00e9er un environnement de travail o\u00f9 chacun se sent valoris\u00e9, responsabilis\u00e9 et encourag\u00e9 \u00e0 se d\u00e9velopper. Notre succ\u00e8s repose sur la passion et le d\u00e9vouement de nos \u00e9quipes, et nous restons d\u00e9termin\u00e9s \u00e0 cultiver un climat qui valorise les talents et stimule l\u2019innovation. \u00bb<\/p>\n<p><strong>Investir dans les personnes, partout<\/strong><\/p>\n<p>Pr\u00e9sent dans plus de 50 pays avec 16 bureaux dans le monde, ADA Cosmetics continue d&rsquo;entretenir une culture de confiance, d&rsquo;\u00e9quit\u00e9 et de travail d&rsquo;\u00e9quipe. L&rsquo;entreprise investit dans le d\u00e9veloppement du leadership, la progression de carri\u00e8re et l&rsquo;\u00e9quilibre entre vie professionnelle et vie priv\u00e9e, pierres angulaires d&rsquo;un environnement o\u00f9 les talents peuvent s&rsquo;\u00e9panouir.<\/p>\n<p><img loading=\"lazy\" decoding=\"async\" class=\"alignnone size-medium wp-image-38941\" src=\"https:\/\/ada-cosmetics.update.betacenter.net\/wp-content\/uploads\/2025\/07\/office-team-225x300.jpg\" alt=\"\" width=\"225\" height=\"300\" srcset=\"https:\/\/ada-cosmetics.update.betacenter.net\/wp-content\/uploads\/2025\/07\/office-team-225x300.jpg 225w, https:\/\/ada-cosmetics.update.betacenter.net\/wp-content\/uploads\/2025\/07\/office-team-768x1024.jpg 768w, https:\/\/ada-cosmetics.update.betacenter.net\/wp-content\/uploads\/2025\/07\/office-team-1152x1536.jpg 1152w, https:\/\/ada-cosmetics.update.betacenter.net\/wp-content\/uploads\/2025\/07\/office-team.jpg 1536w\" sizes=\"auto, (max-width: 225px) 100vw, 225px\" \/><\/p>\n<p>Pour en savoir plus sur ADA Cosmetics et sur les possibilit\u00e9s de carri\u00e8re, visitez le site : <a href=\"https:\/\/ada-cosmetics.update.betacenter.net\/fr\/parcours-du-salarie\/\">Parcours de l&#8217;employ\u00e9 &#8211; ADA Cosmetics<\/a><\/p>\n","protected":false},"excerpt":{"rendered":"<p>En 2025, ADA Cosmetics d\u00e9montre une fois de plus sa philosophie \u00ab\u00a0people-first\u00a0\u00bb en \u00e9tant reconnu comme l&rsquo;un des employeurs les plus attractifs du secteur de l&rsquo;h\u00f4tellerie. L&rsquo;entreprise est fi\u00e8re d&rsquo;avoir &#8230;<\/p>\n","protected":false},"author":8,"featured_media":38931,"comment_status":"closed","ping_status":"closed","sticky":false,"template":"","format":"standard","meta":{"_acf_changed":false,"footnotes":""},"categories":[362],"tags":[],"class_list":["post-38952","post","type-post","status-publish","format-standard","has-post-thumbnail","hentry","category-communiques-de-presse","cat-362-id","has_thumb"],"acf":[],"_links":{"self":[{"href":"https:\/\/ada-cosmetics.update.betacenter.net\/fr\/wp-json\/wp\/v2\/posts\/38952","targetHints":{"allow":["GET"]}}],"collection":[{"href":"https:\/\/ada-cosmetics.update.betacenter.net\/fr\/wp-json\/wp\/v2\/posts"}],"about":[{"href":"https:\/\/ada-cosmetics.update.betacenter.net\/fr\/wp-json\/wp\/v2\/types\/post"}],"author":[{"embeddable":true,"href":"https:\/\/ada-cosmetics.update.betacenter.net\/fr\/wp-json\/wp\/v2\/users\/8"}],"replies":[{"embeddable":true,"href":"https:\/\/ada-cosmetics.update.betacenter.net\/fr\/wp-json\/wp\/v2\/comments?post=38952"}],"version-history":[{"count":3,"href":"https:\/\/ada-cosmetics.update.betacenter.net\/fr\/wp-json\/wp\/v2\/posts\/38952\/revisions"}],"predecessor-version":[{"id":39521,"href":"https:\/\/ada-cosmetics.update.betacenter.net\/fr\/wp-json\/wp\/v2\/posts\/38952\/revisions\/39521"}],"wp:featuredmedia":[{"embeddable":true,"href":"https:\/\/ada-cosmetics.update.betacenter.net\/fr\/wp-json\/wp\/v2\/media\/38931"}],"wp:attachment":[{"href":"https:\/\/ada-cosmetics.update.betacenter.net\/fr\/wp-json\/wp\/v2\/media?parent=38952"}],"wp:term":[{"taxonomy":"category","embeddable":true,"href":"https:\/\/ada-cosmetics.update.betacenter.net\/fr\/wp-json\/wp\/v2\/categories?post=38952"},{"taxonomy":"post_tag","embeddable":true,"href":"https:\/\/ada-cosmetics.update.betacenter.net\/fr\/wp-json\/wp\/v2\/tags?post=38952"}],"curies":[{"name":"wp","href":"https:\/\/api.w.org\/{rel}","templated":true}]}}