{"id":37421,"date":"2025-05-16T09:15:50","date_gmt":"2025-05-16T07:15:50","guid":{"rendered":"https:\/\/ada-cosmetics.update.betacenter.net\/lutz-hubner-pdg-de-cost-logis-dans-un-entretien-avec-cost-logis-nous-voulons-devenir-des-leaders-mondiaux-de-la-cosmetique-hoteliere\/"},"modified":"2025-05-16T09:40:23","modified_gmt":"2025-05-16T07:40:23","slug":"lutz-hubner-pdg-de-cost-logis-dans-un-entretien-avec-cost-logis-nous-voulons-devenir-des-leaders-mondiaux-de-la-cosmetique-hoteliere","status":"publish","type":"post","link":"https:\/\/ada-cosmetics.update.betacenter.net\/fr\/lutz-hubner-pdg-de-cost-logis-dans-un-entretien-avec-cost-logis-nous-voulons-devenir-des-leaders-mondiaux-de-la-cosmetique-hoteliere\/","title":{"rendered":"Lutz H\u00fcbner, PDG, s&rsquo;entretient avec Cost &amp; Logis : \u00ab\u00a0Notre objectif est de devenir le leader mondial du march\u00e9 de la cosm\u00e9tique h\u00f4teli\u00e8re."},"content":{"rendered":"<h4 data-start=\"202\" data-end=\"280\"><strong>Lutz H\u00fcbner, PDG de ADA Cosmetics, en conversation avec Cost &amp; Logis<\/strong><\/h4>\n<p class=\"\" data-start=\"83\" data-end=\"337\"><em data-start=\"126\" data-end=\"337\">Cost &amp; Logis s&rsquo;est entretenu avec lui au sujet de l&rsquo;exercice en cours, des tendances \u00e9mergentes dans le domaine de la cosm\u00e9tique h\u00f4teli\u00e8re, de la pression des co\u00fbts dans l&rsquo;industrie h\u00f4teli\u00e8re, de l&rsquo;expansion mondiale, de la durabilit\u00e9 et des objectifs strat\u00e9giques de l&rsquo;entreprise.<\/em><\/p>\n<h2 data-start=\"433\" data-end=\"495\"><strong>Monsieur H\u00fcbner, comment l&rsquo;ann\u00e9e 2025 a-t-elle commenc\u00e9 pour votre entreprise ?<\/strong><\/h2>\n<p class=\"\" data-start=\"497\" data-end=\"719\">Nous avons d\u00e9marr\u00e9 l&rsquo;ann\u00e9e avec beaucoup d&rsquo;enthousiasme. Nous avons lanc\u00e9 de nombreux nouveaux produits et mis en \u0153uvre plusieurs initiatives cl\u00e9s. Je suis convaincu que 2025 sera une ann\u00e9e fructueuse tant pour ADA Cosmetics que pour l&rsquo;ensemble du secteur.<\/p>\n<h2 data-start=\"726\" data-end=\"834\"><strong>La pression sur les co\u00fbts est forte parmi les groupes h\u00f4teliers et les h\u00f4teliers ind\u00e9pendants. Comment cela affecte-t-il ADA Cosmetics?<\/strong><\/h2>\n<p class=\"\" data-start=\"836\" data-end=\"1085\">C&rsquo;est un probl\u00e8me auquel nous sommes confront\u00e9s tous les jours. Pour les grands groupes h\u00f4teliers, cela se traduit souvent par des appels d&rsquo;offres et des directives strictes en mati\u00e8re de passation de march\u00e9s. Dans le m\u00eame temps, de nombreux h\u00f4tels ind\u00e9pendants se demandent s&rsquo;ils peuvent r\u00e9percuter la hausse des co\u00fbts sur leurs clients.<\/p>\n<p class=\"\" data-start=\"1087\" data-end=\"1432\">Chez ADA, nous restons concentr\u00e9s sur la performance. Je suis absolument convaincu que la qualit\u00e9 pr\u00e9vaut. Nous fabriquons des cosm\u00e9tiques h\u00f4teliers haut de gamme et nous nous d\u00e9marquons clairement de la concurrence. Avec nos propres sites de production \u00e0 Kehl, \u00e0 la fronti\u00e8re fran\u00e7aise, ainsi qu&rsquo;en R\u00e9publique tch\u00e8que et en Malaisie, nous sommes bien positionn\u00e9s sur un march\u00e9 comp\u00e9titif.<\/p>\n<p class=\"\" data-start=\"1434\" data-end=\"1668\">Nous collaborons \u00e9galement avec des partenaires de production de confiance aux \u00c9tats-Unis, en Chine et en \u00c9gypte, qui travaillent tous selon des normes uniformes ( ADA Cosmetics ). Cela nous permet de maintenir des itin\u00e9raires de transport courts et de r\u00e9duire consid\u00e9rablement notre empreinte carbone.<\/p>\n<h2 data-start=\"1675\" data-end=\"1731\"><strong>Quels sont les produits les plus demand\u00e9s actuellement ?<\/strong><\/h2>\n<p class=\"\" data-start=\"1733\" data-end=\"1983\">Nous avons constat\u00e9 que la tendance mondiale \u00e0 l&rsquo;abandon des produits \u00e0 usage unique s&rsquo;accentue et s&rsquo;acc\u00e9l\u00e8re, sous l&rsquo;effet d&rsquo;un engagement croissant en faveur de la durabilit\u00e9. La l\u00e9gislation am\u00e9ricaine et la directive europ\u00e9enne sur les emballages ont encore acc\u00e9l\u00e9r\u00e9 cette transformation.<\/p>\n<p class=\"\" data-start=\"1985\" data-end=\"2252\">De nombreuses cha\u00eenes h\u00f4teli\u00e8res internationales \u00e9liminent les emballages de cosm\u00e9tiques de petit format de leurs chambres et adoptent des syst\u00e8mes de distribution durables. Cela joue directement sur nos points forts. Depuis plus de 30 ans, nous sommes les pionniers des solutions de distribution &#8211; cela fait partie de notre ADN.<\/p>\n<p class=\"\" data-start=\"2254\" data-end=\"2561\">Les syst\u00e8mes de distribution gagnant en importance, la prochaine \u00e9tape logique est celle des solutions rechargeables. ADA a \u00e9t\u00e9 la premi\u00e8re \u00e0 introduire un syst\u00e8me de recharge dans les h\u00f4tels qui permet une recharge hygi\u00e9nique, pratique et efficace sur place. Chaque distributeur est muni d&rsquo;un code unique qui est scann\u00e9 lors du remplissage afin de garantir une tra\u00e7abilit\u00e9 totale.<\/p>\n<p class=\"\" data-start=\"2563\" data-end=\"2686\">Le retour d&rsquo;information a \u00e9t\u00e9 ph\u00e9nom\u00e9nal. Notre innovation en mati\u00e8re de recharge, ADA Cosmetics Refillution\u00e9tablit de nouvelles normes sur le march\u00e9.<\/p>\n<h2 data-start=\"2693\" data-end=\"2799\"><strong>Compte tenu de ADA Cosmetics l&rsquo;accroissement de son empreinte mondiale, quel r\u00f4le strat\u00e9gique la r\u00e9gion DACH continue-t-elle de jouer ?<\/strong><\/h2>\n<p class=\"\" data-start=\"2801\" data-end=\"3055\">L&rsquo;Allemagne est notre march\u00e9 domestique et nous sommes fiers d&rsquo;\u00eatre le premier fournisseur de cosm\u00e9tiques pour h\u00f4tels dans la r\u00e9gion DACH. Malgr\u00e9 notre envergure internationale, notre principe directeur reste le suivant : produire le plus localement possible, plut\u00f4t que d&rsquo;exp\u00e9dier des produits dans le monde entier.<\/p>\n<p class=\"\" data-start=\"3057\" data-end=\"3346\">Je crois fermement qu&rsquo;il faut \u00eatre \u00e0 l&rsquo;\u00e9coute des clients sur leurs march\u00e9s respectifs et r\u00e9pondre \u00e0 leurs besoins locaux. Ce qui fonctionne en Allemagne ne s&rsquo;applique pas n\u00e9cessairement \u00e0 l&rsquo;Italie, \u00e0 l&rsquo;Espagne, aux \u00c9tats-Unis ou \u00e0 la Chine. C&rsquo;est pourquoi nous maintenons des bureaux et des organisations locales sur nos march\u00e9s cl\u00e9s &#8211; et cela porte ses fruits.<\/p>\n<h2 data-start=\"3353\" data-end=\"3422\"><strong>Quelle est la part de votre chiffre d&rsquo;affaires qui provient aujourd&rsquo;hui de l&rsquo;ext\u00e9rieur de la r\u00e9gion DACH ?<\/strong><\/h2>\n<p class=\"\" data-start=\"3424\" data-end=\"3540\">Bien plus de 50 % &#8211; et cela ne cesse de cro\u00eetre. N\u00e9anmoins, la r\u00e9gion DACH reste strat\u00e9giquement importante pour ADA Cosmetics.<\/p>\n<h2 data-start=\"3547\" data-end=\"3592\"><strong>Quels sont vos projets pour les \u00c9tats-Unis et la Chine ?<\/strong><\/h2>\n<p class=\"\" data-start=\"3594\" data-end=\"3831\">Ils sont ambitieux. Nous avons \u00e9tabli des bureaux \u00e0 Chicago et \u00e0 Shanghai et travaillons avec des partenaires de fabrication locaux. Comme nous l&rsquo;avons mentionn\u00e9, l&rsquo;un de nos principaux objectifs est d&rsquo;\u00e9viter les longs trajets de transport, tant pour des raisons \u00e9conomiques qu&rsquo;environnementales.<\/p>\n<p class=\"\" data-start=\"3833\" data-end=\"4009\">Que nous produisions en interne ou par l&rsquo;interm\u00e9diaire de nos partenaires, nos crit\u00e8res de qualit\u00e9 et de durabilit\u00e9 ADA Cosmetics s&rsquo;appliquent \u00e0 l&rsquo;\u00e9chelle mondiale. C&rsquo;est le m\u00eame principe que l&rsquo;on retrouve chez Apple ou Mercedes.<\/p>\n<h2 data-start=\"4016\" data-end=\"4082\"><strong>Le d\u00e9veloppement durable est-il une strat\u00e9gie de marketing ou un v\u00e9ritable engagement ?<\/strong><\/h2>\n<p class=\"\" data-start=\"4084\" data-end=\"4286\">La durabilit\u00e9 est un \u00e9tat d&rsquo;esprit, pas une tendance. Lorsque ADA a \u00e9t\u00e9 fond\u00e9e il y a plus de 45 ans, l&rsquo;id\u00e9e de remplacer les portions \u00e0 usage unique \u00e9tait d\u00e9j\u00e0 au c\u0153ur de notre mission. La durabilit\u00e9 est inscrite dans notre ADN.<\/p>\n<p class=\"\" data-start=\"4288\" data-end=\"4560\">Aujourd&rsquo;hui, nous certifions tous nos produits Cradle to Cradle\u2122 pour soutenir la vision d&rsquo;une \u00e9conomie circulaire. Avec notre syst\u00e8me ADA Cosmetics Refillution les h\u00f4tels peuvent r\u00e9duire les d\u00e9chets plastiques de cette cat\u00e9gorie jusqu&rsquo;\u00e0 95 %, ce qui \u00e9quivaut \u00e0 4,5 kilogrammes par chambre et par an.<\/p>\n<p class=\"\" data-start=\"4562\" data-end=\"4801\">De plus en plus de groupes h\u00f4teliers &#8211; ainsi que des h\u00f4tels ind\u00e9pendants &#8211; emploient d\u00e9sormais des responsables du d\u00e9veloppement durable. Ces d\u00e9cideurs influencent de plus en plus les achats, et \u00e0 juste titre : les pratiques commerciales durables sont \u00e9galement rentables sur le plan \u00e9conomique.<\/p>\n<p class=\"\" data-start=\"4803\" data-end=\"4931\">Nous n&rsquo;avons qu&rsquo;une seule plan\u00e8te. Les entreprises et la soci\u00e9t\u00e9 doivent travailler ensemble pour corriger les nombreuses erreurs commises au cours des derni\u00e8res d\u00e9cennies.<\/p>\n<h2 data-start=\"4938\" data-end=\"5040\"><strong>Compte tenu du climat \u00e9conomique et g\u00e9opolitique actuel, pensez-vous que le d\u00e9veloppement durable perde de sa pertinence ?<\/strong><\/h2>\n<p class=\"\" data-start=\"5042\" data-end=\"5230\">C&rsquo;est une v\u00e9ritable pr\u00e9occupation. Mais une action respectueuse de l&rsquo;environnement n&rsquo;est pas seulement la bonne solution &#8211; de mon point de vue, c&rsquo;est le seul moyen d&rsquo;assurer l&rsquo;avenir de notre plan\u00e8te pour les g\u00e9n\u00e9rations futures.<\/p>\n<p class=\"\" data-start=\"5232\" data-end=\"5427\">\u00c0 l&rsquo;adresse ADA Cosmetics, nous restons fermement engag\u00e9s dans cette voie. Le secteur de l&rsquo;h\u00f4tellerie et de la restauration continue de rechercher des concepts durables, car les clients, en particulier les plus jeunes, l&rsquo;attendent et l&rsquo;exigent.<\/p>\n<h2 data-start=\"5434\" data-end=\"5479\"><strong>Quels sont vos objectifs pour les ann\u00e9es \u00e0 venir ?<\/strong><\/h2>\n<p class=\"\" data-start=\"5481\" data-end=\"5643\">Nous voulons devenir le leader mondial du march\u00e9 des cosm\u00e9tiques pour h\u00f4tels. En termes de qualit\u00e9, nous y sommes d\u00e9j\u00e0. En mati\u00e8re de d\u00e9veloppement durable, nous sommes incontestablement les premiers.<\/p>\n<p class=\"\" data-start=\"5645\" data-end=\"5935\">Honn\u00eatement, je ne vois pas d&rsquo;autre entreprise dans notre secteur qui puisse rivaliser avec ADA Cosmetics en termes d&rsquo;agilit\u00e9 et d&rsquo;innovation. Tous nos produits sont v\u00e9g\u00e9taliens, test\u00e9s dermatologiquement et exempts d&rsquo;huiles min\u00e9rales, de microplastiques, de silicones et d&rsquo;autres substances qui ne devraient pas entrer en contact avec la peau.<\/p>\n<p class=\"\" data-start=\"5937\" data-end=\"6132\">Cet engagement sans compromis nous distingue. En outre, nous proposons d\u00e9sormais des cosm\u00e9tiques purement naturels et des produits hypoallerg\u00e9niques. La s\u00e9curit\u00e9 et le bien-\u00eatre des clients de l&rsquo;h\u00f4tel sont toujours nos principales priorit\u00e9s.<\/p>\n<h2 data-start=\"6139\" data-end=\"6206\"><strong>Pouvez-vous exiger des prix correspondants \u00e0 ce niveau de qualit\u00e9 ?<\/strong><\/h2>\n<p class=\"\" data-start=\"6208\" data-end=\"6384\">D&rsquo;apr\u00e8s notre exp\u00e9rience, la qualit\u00e9 l&#8217;emporte toujours. De plus en plus d&rsquo;h\u00f4teliers comprennent que l&rsquo;investissement de quelques centimes par nuit\u00e9e peut faire une grande diff\u00e9rence dans l&rsquo;exp\u00e9rience du client.<\/p>\n<p class=\"\" data-start=\"6386\" data-end=\"6652\">Le parfum et le toucher des produits cosm\u00e9tiques sont des \u00e9l\u00e9ments essentiels de la perception de la marque. L&rsquo;investissement &#8211; j&rsquo;\u00e9vite volontairement le mot \u00ab\u00a0co\u00fbt\u00a0\u00bb &#8211; se situe entre 0,25 et 0,50 euro par personne et par nuit. C&rsquo;est une petite fraction du prix de la chambre, mais cela a un impact \u00e9motionnel important.<\/p>\n<p class=\"\" data-start=\"6654\" data-end=\"6894\">Cela dit, les h\u00f4teliers doivent comprendre qu&rsquo;il n&rsquo;est pas possible de proposer un \u00ab\u00a0Grand Cru de Bordeaux pour le prix d&rsquo;un vin de table\u00a0\u00bb. En mettant l&rsquo;accent sur la durabilit\u00e9, l&rsquo;innovation et la cr\u00e9ativit\u00e9, nous sommes bien plac\u00e9s pour r\u00e9ussir \u00e0 l&rsquo;\u00e9chelle mondiale gr\u00e2ce \u00e0 notre portefeuille de produits.<\/p>\n<h2 data-start=\"6901\" data-end=\"7060\"><strong>Apr\u00e8s une p\u00e9riode de changements fr\u00e9quents de propri\u00e9taires, ADA Cosmetics jouit maintenant d&rsquo;une stabilit\u00e9 depuis plusieurs ann\u00e9es. Qu&rsquo;est-ce que cela signifie pour le d\u00e9veloppement de l&rsquo;entreprise ?<\/strong><\/h2>\n<p class=\"\" data-start=\"7062\" data-end=\"7272\">Un travail cibl\u00e9 et durable est essentiel pour nous. Nos employ\u00e9s appr\u00e9cient un environnement de travail qui allie innovation et stabilit\u00e9. Cela les incite \u00e0 se surpasser &#8211; un ingr\u00e9dient cl\u00e9 pour le succ\u00e8s de toute entreprise.<\/p>\n<p class=\"\" data-start=\"7274\" data-end=\"7566\">Nos collaborateurs sont fiers de faire partie de notre entreprise familiale. En collaboration avec notre soci\u00e9t\u00e9 m\u00e8re, BWT, qui est tr\u00e8s engag\u00e9e dans les solutions de traitement de l&rsquo;eau, nous avons des objectifs ambitieux. Nous pr\u00e9voyons d&rsquo;int\u00e9grer encore plus \u00e9troitement nos unit\u00e9s commerciales \u00e0 l&rsquo;avenir afin de d\u00e9velopper conjointement des solutions nouvelles et uniques.<\/p>\n<p class=\"\" data-start=\"7568\" data-end=\"7812\">Notre vision :  <strong data-start=\"7580\" data-end=\"7611\">Z\u00e9ro d\u00e9chet. Z\u00e9ro transport.<\/strong><br data-start=\"7611\" data-end=\"7614\">Notre objectif est de soutenir l&rsquo;industrie h\u00f4teli\u00e8re gr\u00e2ce \u00e0 des innovations qui \u00e9liminent le besoin de bouteilles en plastique \u00e0 usage unique pour l&rsquo;eau potable et les cosm\u00e9tiques &#8211; et qui suppriment la n\u00e9cessit\u00e9 de les transporter jusqu&rsquo;aux h\u00f4tels.<\/p>\n<h4 data-start=\"7819\" data-end=\"7844\"><strong>\u00c0 propos de Lutz H\u00fcbner<\/strong><\/h4>\n<p class=\"\" data-start=\"7846\" data-end=\"8225\">Lutz H\u00fcbner est directeur g\u00e9n\u00e9ral de ADA Cosmetics International.<br data-start=\"7896\" data-end=\"7899\">Auparavant, il a pass\u00e9 18 ans chez BWT &#8211; Best Water Technology, qui serait le premier fournisseur europ\u00e9en de technologies de traitement de l&rsquo;eau. En tant que directeur g\u00e9n\u00e9ral de BWT Allemagne, il a jou\u00e9 un r\u00f4le cl\u00e9 dans la transformation de l&rsquo;entreprise et a repositionn\u00e9 la marque en tant qu&rsquo;innovateur dans le domaine de la purification de l&rsquo;eau.<\/p>\n","protected":false},"excerpt":{"rendered":"<p>Lutz H\u00fcbner, PDG de ADA Cosmetics, en conversation avec Cost &amp; Logis Cost &amp; Logis s&rsquo;est entretenu avec lui au sujet de l&rsquo;exercice en cours, des tendances \u00e9mergentes dans le &#8230;<\/p>\n","protected":false},"author":8,"featured_media":37414,"comment_status":"closed","ping_status":"closed","sticky":false,"template":"","format":"standard","meta":{"_acf_changed":false,"footnotes":""},"categories":[362],"tags":[],"class_list":["post-37421","post","type-post","status-publish","format-standard","has-post-thumbnail","hentry","category-communiques-de-presse","cat-362-id","has_thumb"],"acf":[],"_links":{"self":[{"href":"https:\/\/ada-cosmetics.update.betacenter.net\/fr\/wp-json\/wp\/v2\/posts\/37421","targetHints":{"allow":["GET"]}}],"collection":[{"href":"https:\/\/ada-cosmetics.update.betacenter.net\/fr\/wp-json\/wp\/v2\/posts"}],"about":[{"href":"https:\/\/ada-cosmetics.update.betacenter.net\/fr\/wp-json\/wp\/v2\/types\/post"}],"author":[{"embeddable":true,"href":"https:\/\/ada-cosmetics.update.betacenter.net\/fr\/wp-json\/wp\/v2\/users\/8"}],"replies":[{"embeddable":true,"href":"https:\/\/ada-cosmetics.update.betacenter.net\/fr\/wp-json\/wp\/v2\/comments?post=37421"}],"version-history":[{"count":1,"href":"https:\/\/ada-cosmetics.update.betacenter.net\/fr\/wp-json\/wp\/v2\/posts\/37421\/revisions"}],"predecessor-version":[{"id":37462,"href":"https:\/\/ada-cosmetics.update.betacenter.net\/fr\/wp-json\/wp\/v2\/posts\/37421\/revisions\/37462"}],"wp:featuredmedia":[{"embeddable":true,"href":"https:\/\/ada-cosmetics.update.betacenter.net\/fr\/wp-json\/wp\/v2\/media\/37414"}],"wp:attachment":[{"href":"https:\/\/ada-cosmetics.update.betacenter.net\/fr\/wp-json\/wp\/v2\/media?parent=37421"}],"wp:term":[{"taxonomy":"category","embeddable":true,"href":"https:\/\/ada-cosmetics.update.betacenter.net\/fr\/wp-json\/wp\/v2\/categories?post=37421"},{"taxonomy":"post_tag","embeddable":true,"href":"https:\/\/ada-cosmetics.update.betacenter.net\/fr\/wp-json\/wp\/v2\/tags?post=37421"}],"curies":[{"name":"wp","href":"https:\/\/api.w.org\/{rel}","templated":true}]}}