{"id":22475,"date":"2024-06-10T19:54:30","date_gmt":"2024-06-10T17:54:30","guid":{"rendered":"https:\/\/ada-cosmetics.update.betacenter.net\/ada-cosmetics-kehl-food-bank\/"},"modified":"2024-07-08T20:15:29","modified_gmt":"2024-07-08T18:15:29","slug":"ada-cosmetics-kehler-tafel","status":"publish","type":"post","link":"https:\/\/ada-cosmetics.update.betacenter.net\/de\/ada-cosmetics-kehler-tafel\/","title":{"rendered":"ADA Cosmetics unterst\u00fctzt monatlich die Tafel in Kehl mit Spenden"},"content":{"rendered":"<p>ADA Cosmetics setzt sein Engagement im Bereich Corporate Social Responsibility (CSR) fort und leistet ab sofort monatlich Spenden an die Tafel in Kehl. Mit dieser Initiative m\u00f6chte das Unternehmen die wichtige Arbeit der Tafel unterst\u00fctzen und gleichzeitig einen Beitrag zur sozialen Verantwortung in der Region leisten.<\/p>\n<p>Seit 45 Jahren hat ADA Cosmetics seinen Firmensitz in Kehl und f\u00fchlt sich der Stadt und ihren Bewohnern tief verbunden. Die regelm\u00e4\u00dfigen Spenden an die Tafel sind ein Ausdruck dieser Verbundenheit und sollen dazu beitragen, dass bed\u00fcrftige Menschen in Kehl neben dem Zugang zu Lebensmitteln auch Hygieneprodukte zur Verf\u00fcgung haben.<\/p>\n<p>&#8222;Unsere Spenden an die Tafel in Kehl sind ein wichtiger Bestandteil unseres CSR-Engagements. Wir m\u00f6chten damit nicht nur unsere Dankbarkeit f\u00fcr die Unterst\u00fctzung der Stadt \u00fcber die Jahre hinweg ausdr\u00fccken, sondern auch einen aktiven Beitrag zur sozialen Gerechtigkeit leisten,&#8220; erkl\u00e4rt Christine Reinhardt, Chief of CSR und HR bei ADA Cosmetics.<\/p>\n<p>Die Tafel in Kehl ist auf Spenden angewiesen, um ihre wertvolle Arbeit fortsetzen zu k\u00f6nnen. Mit der Unterst\u00fctzung von ADA Cosmetics soll sichergestellt werden, dass auch in schwierigen Zeiten ausreichend Hygieneprodukte und Lebensmittel f\u00fcr die Bed\u00fcrftigen zur Verf\u00fcgung stehen.<\/p>\n<p>ADA Cosmetics ist stolz darauf, ein Teil der Kehler Gemeinschaft zu sein und wird auch in Zukunft kontinuierlich nach Wegen suchen, um das soziale Wohl der Stadt zu f\u00f6rdern und zu unterst\u00fctzen.<\/p>\n","protected":false},"excerpt":{"rendered":"<p>ADA Cosmetics setzt sein Engagement im Bereich Corporate Social Responsibility (CSR) fort und leistet ab sofort monatlich Spenden an die Tafel in Kehl. Mit dieser Initiative m\u00f6chte das Unternehmen die &#8230;<\/p>\n","protected":false},"author":8,"featured_media":22472,"comment_status":"closed","ping_status":"closed","sticky":false,"template":"","format":"standard","meta":{"_acf_changed":false,"footnotes":""},"categories":[220],"tags":[374],"class_list":["post-22475","post","type-post","status-publish","format-standard","has-post-thumbnail","hentry","category-pressemitteilungen","tag-pressemitteilungen","cat-220-id","has_thumb"],"acf":[],"_links":{"self":[{"href":"https:\/\/ada-cosmetics.update.betacenter.net\/de\/wp-json\/wp\/v2\/posts\/22475","targetHints":{"allow":["GET"]}}],"collection":[{"href":"https:\/\/ada-cosmetics.update.betacenter.net\/de\/wp-json\/wp\/v2\/posts"}],"about":[{"href":"https:\/\/ada-cosmetics.update.betacenter.net\/de\/wp-json\/wp\/v2\/types\/post"}],"author":[{"embeddable":true,"href":"https:\/\/ada-cosmetics.update.betacenter.net\/de\/wp-json\/wp\/v2\/users\/8"}],"replies":[{"embeddable":true,"href":"https:\/\/ada-cosmetics.update.betacenter.net\/de\/wp-json\/wp\/v2\/comments?post=22475"}],"version-history":[{"count":2,"href":"https:\/\/ada-cosmetics.update.betacenter.net\/de\/wp-json\/wp\/v2\/posts\/22475\/revisions"}],"predecessor-version":[{"id":22477,"href":"https:\/\/ada-cosmetics.update.betacenter.net\/de\/wp-json\/wp\/v2\/posts\/22475\/revisions\/22477"}],"wp:featuredmedia":[{"embeddable":true,"href":"https:\/\/ada-cosmetics.update.betacenter.net\/de\/wp-json\/wp\/v2\/media\/22472"}],"wp:attachment":[{"href":"https:\/\/ada-cosmetics.update.betacenter.net\/de\/wp-json\/wp\/v2\/media?parent=22475"}],"wp:term":[{"taxonomy":"category","embeddable":true,"href":"https:\/\/ada-cosmetics.update.betacenter.net\/de\/wp-json\/wp\/v2\/categories?post=22475"},{"taxonomy":"post_tag","embeddable":true,"href":"https:\/\/ada-cosmetics.update.betacenter.net\/de\/wp-json\/wp\/v2\/tags?post=22475"}],"curies":[{"name":"wp","href":"https:\/\/api.w.org\/{rel}","templated":true}]}}